[{"@context":"https:\/\/schema.org\/","@type":"Article","@id":"https:\/\/www.mons.cz\/aby-bylo-vse-podle-vasich-predstav\/#Article","mainEntityOfPage":"https:\/\/www.mons.cz\/aby-bylo-vse-podle-vasich-predstav\/","headline":"Aby bylo v\u0161e podle Va\u0161ich p\u0159edstav","name":"Aby bylo v\u0161e podle Va\u0161ich p\u0159edstav","description":"Snad ka\u017ed\u00fd si na svoj\u00ed svatb\u011b opravdu zakl\u00e1d\u00e1 a chce, aby bylo v\u0161echno tak dokonal\u00e9, jak je to jenom mo\u017en\u00e9. Pokud i Vy chcete na sv\u016fj velk\u00fd den vzpom\u00ednat jenom v sam\u00fdch superlativech, zaru\u010den\u011b byste m\u011bli ud\u011blat v\u0161e pro to, aby byla cel\u00e1 svatba podrobn\u011b napl\u00e1nov\u00e1na. Nen\u00ed to ale jenom o tom, abyste vybrali m\u00edsto [&hellip;]","datePublished":"2017-06-21","dateModified":"2023-05-07","author":{"@type":"Person","@id":"https:\/\/www.mons.cz\/author\/#Person","name":"","url":"https:\/\/www.mons.cz\/author\/","identifier":1,"image":{"@type":"ImageObject","@id":"https:\/\/secure.gravatar.com\/avatar\/7c144e1de0ecc43e7a8353c804f0c7ea63c9554336576e7048c4bdeaa59bbbbb?s=96&d=mm&r=g","url":"https:\/\/secure.gravatar.com\/avatar\/7c144e1de0ecc43e7a8353c804f0c7ea63c9554336576e7048c4bdeaa59bbbbb?s=96&d=mm&r=g","height":96,"width":96}},"publisher":{"@type":"Organization","name":"mons.cz","logo":{"@type":"ImageObject","@id":"\/logo.png","url":"\/logo.png","width":600,"height":60}},"image":{"@type":"ImageObject","@id":"https:\/\/www.mons.cz\/wp-content\/uploads\/img_a289446_w2077_t1500889313.jpg","url":"https:\/\/www.mons.cz\/wp-content\/uploads\/img_a289446_w2077_t1500889313.jpg","height":0,"width":0},"url":"https:\/\/www.mons.cz\/aby-bylo-vse-podle-vasich-predstav\/","about":["Zbo\u017e\u00ed"],"wordCount":367,"articleBody":"      Snad ka\u017ed\u00fd si na svoj\u00ed svatb\u011b opravdu zakl\u00e1d\u00e1 a chce, aby bylo v\u0161echno tak dokonal\u00e9, jak je to jenom mo\u017en\u00e9. Pokud i Vy chcete na sv\u016fj velk\u00fd den vzpom\u00ednat jenom v sam\u00fdch superlativech, zaru\u010den\u011b byste m\u011bli ud\u011blat v\u0161e pro to, aby byla cel\u00e1 svatba podrobn\u011b napl\u00e1nov\u00e1na. Nen\u00ed to ale jenom o tom, abyste vybrali m\u00edsto a datum, rozhodn\u011b je nutn\u00e9 myslet na mnohem v\u011bt\u0161\u00ed mno\u017estv\u00ed v\u011bc\u00ed. N\u011b\u010d\u00edm takov\u00fdm je i volba vhodn\u00fdch \u0161perk\u016f, kter\u00e9 budou zdobit Va\u0161e ruce.Abyste si vybrali i VySnubn\u00ed prsteny jsou symbolem l\u00e1sky a oddanosti, a proto by je nast\u00e1vaj\u00edc\u00ed man\u017eel\u00e9 m\u011bli vyb\u00edrat obez\u0159etn\u011b a opatrn\u011b, jinak by se mohlo st\u00e1t, \u017ee budou svoj\u00ed volby litovat. Pokud tedy i Vy chcete m\u00edt jistotu, \u017ee budete se svoj\u00ed volbou spokojeni, m\u011bli byste se na v\u0161echno dostate\u010dn\u011b zam\u011b\u0159it a svoji volbu si dob\u0159e promyslet, aby se pak n\u00e1hodou nestalo, \u017ee nebudete litovat. Prsteny, se kter\u00fdmi budete spokojeni Na co byste si tedy m\u011bli p\u0159i v\u00fdb\u011bru d\u00e1vat dobr\u00fd pozor? Je jasn\u00e9, \u017ee ka\u017ed\u00fd vyb\u00edr\u00e1 o\u010dima, a proto zajist\u00e9 i Vy vyberete takov\u00fd \u0161perk, kter\u00fd bude odpov\u00eddat Va\u0161im po\u017eadavk\u016fm a p\u0159edstav\u00e1m, co se vzhledu t\u00fd\u010de. Zapom\u00ednat byste ov\u0161em nem\u011bli ani na volbu vhodn\u00e9 velikosti nebo t\u0159eba na to, zda je V\u00e1mi vybran\u00fd \u0161perk skute\u010dn\u011b dostate\u010dn\u011b kvalitn\u00ed.Cht\u011bjte pro sebe jenom to nejlep\u0161\u00ed Kdy\u017e tedy v\u00fdb\u011br prsten\u016f nepodcen\u00edte a pe\u010dliv\u011b si svoji svatbu napl\u00e1nujete, tak si m\u016f\u017eete b\u00fdt naprosto jist\u00ed t\u00edm, \u017ee na tento velk\u00fd den budete vzpom\u00ednat v\u017edy jenom ve spojen\u00ed s p\u0159\u00edjemn\u00fdmi pocity. A tak by to samoz\u0159ejm\u011b m\u011blo b\u00fdt, proto bu\u010fte pe\u010dliv\u00ed a d\u00e1vejte pozor na to, co si pro sebe po\u0159izujete. Nab\u00eddka je toti\u017e skute\u010dn\u011b \u0161irok\u00e1, tak\u017ee si rozhodn\u011b budete m\u00edt z \u010deho vyb\u00edrat, tomu v\u011b\u0159te.                                                                                                                                                                                                                                                                                                                                                                                          4.2\/5 - (13 votes)        "},{"@context":"https:\/\/schema.org\/","@type":"BreadcrumbList","itemListElement":[{"@type":"ListItem","position":1,"name":"Aby bylo v\u0161e podle Va\u0161ich p\u0159edstav","item":"https:\/\/www.mons.cz\/aby-bylo-vse-podle-vasich-predstav\/#breadcrumbitem"}]}]