[{"@context":"https:\/\/schema.org\/","@type":"Article","@id":"https:\/\/www.mons.cz\/co-bychom-meli-najit-v-sekci-firemniho-webu-s-nazvem-kontakt\/#Article","mainEntityOfPage":"https:\/\/www.mons.cz\/co-bychom-meli-najit-v-sekci-firemniho-webu-s-nazvem-kontakt\/","headline":"Co bychom m\u011bli naj\u00edt v sekci firemn\u00edho webu s n\u00e1zvem &#8222;Kontakt&#8220;","name":"Co bychom m\u011bli naj\u00edt v sekci firemn\u00edho webu s n\u00e1zvem &#8222;Kontakt&#8220;","description":"V dne\u0161n\u00ed dob\u011b je pravidlem, \u017ee ka\u017ed\u00e1 firma m\u00e1 sv\u016fj vlastn\u00ed web. Nez\u00e1le\u017e\u00ed p\u0159\u00edli\u0161 na tom, zda m\u00e1 koupenu vlastn\u00ed webovou dom\u00e9nu, nebo vyu\u017e\u00edv\u00e1 slu\u017eeb n\u011bkter\u00fdch web\u016f, kter\u00e9 poskytuj\u00ed mo\u017enost m\u00edt zde internetov\u00e9 str\u00e1nky zdarma. V ka\u017ed\u00e9m p\u0159\u00edpad\u011b se mus\u00ed ve virtu\u00e1ln\u00edm prostoru prezentovat. Hlavn\u00edm c\u00edlem je samoz\u0159ejm\u011b p\u0159il\u00e1k\u00e1n\u00ed nov\u00fdch z\u00e1kazn\u00edk\u016f a udr\u017een\u00ed t\u011bch st\u00e1vaj\u00edc\u00edch. [&hellip;]","datePublished":"2022-01-17","dateModified":"2023-05-07","author":{"@type":"Person","@id":"https:\/\/www.mons.cz\/author\/#Person","name":"","url":"https:\/\/www.mons.cz\/author\/","identifier":1,"image":{"@type":"ImageObject","@id":"https:\/\/secure.gravatar.com\/avatar\/7c144e1de0ecc43e7a8353c804f0c7ea63c9554336576e7048c4bdeaa59bbbbb?s=96&d=mm&r=g","url":"https:\/\/secure.gravatar.com\/avatar\/7c144e1de0ecc43e7a8353c804f0c7ea63c9554336576e7048c4bdeaa59bbbbb?s=96&d=mm&r=g","height":96,"width":96}},"publisher":{"@type":"Organization","name":"mons.cz","logo":{"@type":"ImageObject","@id":"\/logo.png","url":"\/logo.png","width":600,"height":60}},"image":{"@type":"ImageObject","@id":"https:\/\/www.mons.cz\/wp-content\/uploads\/kontakt1_10_10_10.jpg","url":"https:\/\/www.mons.cz\/wp-content\/uploads\/kontakt1_10_10_10.jpg","height":0,"width":0},"url":"https:\/\/www.mons.cz\/co-bychom-meli-najit-v-sekci-firemniho-webu-s-nazvem-kontakt\/","about":["Zbo\u017e\u00ed"],"wordCount":438,"articleBody":"V dne\u0161n\u00ed dob\u011b je pravidlem, \u017ee ka\u017ed\u00e1 firma m\u00e1 sv\u016fj vlastn\u00ed web. Nez\u00e1le\u017e\u00ed p\u0159\u00edli\u0161 na tom, zda m\u00e1 koupenu vlastn\u00ed webovou dom\u00e9nu, nebo vyu\u017e\u00edv\u00e1 slu\u017eeb n\u011bkter\u00fdch web\u016f, kter\u00e9 poskytuj\u00ed mo\u017enost m\u00edt zde internetov\u00e9 str\u00e1nky zdarma. V ka\u017ed\u00e9m p\u0159\u00edpad\u011b se mus\u00ed ve virtu\u00e1ln\u00edm prostoru prezentovat.Hlavn\u00edm c\u00edlem je samoz\u0159ejm\u011b p\u0159il\u00e1k\u00e1n\u00ed nov\u00fdch z\u00e1kazn\u00edk\u016f a udr\u017een\u00ed t\u011bch st\u00e1vaj\u00edc\u00edch. To v\u0161ak znamen\u00e1 tak\u00e9 to, \u017ee zde lid\u00e9 mus\u00ed naj\u00edt ve\u0161ker\u00e9 pot\u0159ebn\u00e9 informace. A jednou z nich je i kontakt Colortapna p\u0159\u00edslu\u0161n\u00e9 pracovn\u00edky.To je obvykle \u0159e\u0161eno t\u00edm, \u017ee hned na \u00favodn\u00ed str\u00e1nce najdeme odkaz na onu \u010d\u00e1st, kde pr\u00e1v\u011b tyto kontakty nalezneme. I ty se v\u0161ak mus\u00ed \u0159\u00eddit ur\u010dit\u00fdmi nepsan\u00fdmi pravidly. Ta diktuj\u00ed mimo jin\u00e9 tak\u00e9 to, jak\u00fd by m\u011bl b\u00fdt obsah t\u00e9to sekce.V prvn\u00ed \u0159ad\u011b jsou to samoz\u0159ejm\u011b jm\u00e9na hlavn\u00edch vedouc\u00edch pracovn\u00edk\u016f, a\u0165 u\u017e se jedn\u00e1 o \u0159editele, v p\u0159\u00edpad\u011b nadn\u00e1rodn\u00ed firmy pak i jeho z\u00e1stupce pro danou zemi, reklama\u010dn\u00ed odd\u011blen\u00ed a podobn\u011b. Koneckonc\u016f, \u010dlov\u011bk mus\u00ed v\u011bd\u011bt, s k\u00fdm mluv\u00ed.U ka\u017ed\u00e9ho jm\u00e9na by pak m\u011blo b\u00fdt telefonn\u00ed \u010d\u00edslo, kam je mo\u017en\u00e9 zavolat. V p\u0159\u00edpad\u011b pot\u0159eby je dobr\u00e9 zde napsat i dobu, kdy je mo\u017en\u00e9 volat. Koneckonc\u016f, od nikoho nem\u016f\u017eeme o\u010dek\u00e1vat, \u017ee bude skute\u010dn\u011b na p\u0159\u00edjmu po cel\u00fd den.Krom\u011b telefonn\u00edho \u010d\u00edsla by zde pak m\u011bl b\u00fdt i firemn\u00ed e-mail. Mnoho lid\u00ed toti\u017e preferuje tento zp\u016fsob kontaktu, nebo\u0165 neradi hovo\u0159\u00ed, zvl\u00e1\u0161t\u011b pak s ciz\u00edmi lidmi. Toto jim d\u00e1 mo\u017enost sd\u011blit sv\u016fj dotaz \u010di p\u0159\u00e1n\u00ed tak, aby to pro n\u011b bylo co nejpohodln\u011bj\u0161\u00ed. Samoz\u0159ejmost\u00ed by v\u0161ak m\u011blo b\u00fdt i to, \u017ee pracovn\u00edk na e-maily v rozumn\u00e9 dob\u011b odpov\u00edd\u00e1.Naj\u00edt bychom zde m\u011bli i fyzickou adresu s\u00eddla firmy. Pokud m\u00e1 i kamenn\u00e9 prodejny, pak by zde m\u011bly b\u00fdt i jejich adresy a tak\u00e9 otev\u00edrac\u00ed doby. Z\u00e1jemce by si toti\u017e m\u011bl b\u00fdt schopen zde zjistit, zda m\u00e1me otev\u0159eno, a kde. To plat\u00ed zvl\u00e1\u0161t\u011b v p\u0159\u00edpad\u011b, \u017ee m\u00e1me v\u00edce pobo\u010dek.Jist\u011b, to v\u0161e se m\u016f\u017ee zd\u00e1t jako hodn\u011b informac\u00ed, v\u011b\u0159te v\u0161ak, \u017ee se to rozhodn\u011b vyplat\u00ed.                                                                                                                                                                                                                                                                                                                                                                                         3.7\/5 - (4 votes)        "},{"@context":"https:\/\/schema.org\/","@type":"BreadcrumbList","itemListElement":[{"@type":"ListItem","position":1,"name":"Co bychom m\u011bli naj\u00edt v sekci firemn\u00edho webu s n\u00e1zvem &#8222;Kontakt&#8220;","item":"https:\/\/www.mons.cz\/co-bychom-meli-najit-v-sekci-firemniho-webu-s-nazvem-kontakt\/#breadcrumbitem"}]}]