[{"@context":"https:\/\/schema.org\/","@type":"Article","@id":"https:\/\/www.mons.cz\/na-dovolenou-se-snazi-jezdit-zejmena-starsi-lide\/#Article","mainEntityOfPage":"https:\/\/www.mons.cz\/na-dovolenou-se-snazi-jezdit-zejmena-starsi-lide\/","headline":"Na dovolenou se sna\u017e\u00ed jezdit zejm\u00e9na star\u0161\u00ed lid\u00e9","name":"Na dovolenou se sna\u017e\u00ed jezdit zejm\u00e9na star\u0161\u00ed lid\u00e9","description":"Pr\u00e1v\u011b na dovolenou maj\u00ed nejv\u00edce \u010dasu star\u0161\u00ed lid\u00e9. Jedn\u00e1 se zejm\u00e9na o ty, kte\u0159\u00ed ji\u017e nechod\u00ed do pr\u00e1ce, proto\u017ee maj\u00ed kone\u010dn\u011b \u010das na to, aby mohli cestovat. Zejm\u00e9na star\u0161\u00ed lid\u00e9 jsou tac\u00ed, \u017ee jim m\u016f\u017ee b\u00fdt jedno, kdy p\u0159esn\u011b pojedou. Mohou si vybrat, jestli pojedou p\u0159es t\u00fdden nebo o v\u00edkendu, proto\u017ee t\u00edm, \u017ee nikam nemus\u00ed [&hellip;]","datePublished":"2022-10-21","dateModified":"2023-05-07","author":{"@type":"Person","@id":"https:\/\/www.mons.cz\/author\/#Person","name":"","url":"https:\/\/www.mons.cz\/author\/","identifier":1,"image":{"@type":"ImageObject","@id":"https:\/\/secure.gravatar.com\/avatar\/7c144e1de0ecc43e7a8353c804f0c7ea63c9554336576e7048c4bdeaa59bbbbb?s=96&d=mm&r=g","url":"https:\/\/secure.gravatar.com\/avatar\/7c144e1de0ecc43e7a8353c804f0c7ea63c9554336576e7048c4bdeaa59bbbbb?s=96&d=mm&r=g","height":96,"width":96}},"publisher":{"@type":"Organization","name":"mons.cz","logo":{"@type":"ImageObject","@id":"\/logo.png","url":"\/logo.png","width":600,"height":60}},"image":{"@type":"ImageObject","@id":"https:\/\/www.mons.cz\/wp-content\/uploads\/dov_4.JPG","url":"https:\/\/www.mons.cz\/wp-content\/uploads\/dov_4.JPG","height":0,"width":0},"url":"https:\/\/www.mons.cz\/na-dovolenou-se-snazi-jezdit-zejmena-starsi-lide\/","about":["Dovolen\u00e1"],"wordCount":460,"articleBody":"Pr\u00e1v\u011b na dovolenou maj\u00ed nejv\u00edce \u010dasu star\u0161\u00ed lid\u00e9. Jedn\u00e1 se zejm\u00e9na o ty, kte\u0159\u00ed ji\u017e nechod\u00ed do pr\u00e1ce, proto\u017ee maj\u00ed kone\u010dn\u011b \u010das na to, aby mohli cestovat. Zejm\u00e9na star\u0161\u00ed lid\u00e9 jsou tac\u00ed, \u017ee jim m\u016f\u017ee b\u00fdt jedno, kdy p\u0159esn\u011b pojedou. Mohou si vybrat, jestli pojedou p\u0159es t\u00fdden nebo o v\u00edkendu, proto\u017ee t\u00edm, \u017ee nikam nemus\u00ed chodit, je to zcela jedno. Jestli ale cht\u011bj\u00ed m\u00edt star\u0161\u00ed lid\u00e9 na takov\u00e9 dovolen\u00e9 klid, bude nejlep\u0161\u00ed, pokud pojedou p\u0159es t\u00fdden, proto\u017ee je jasn\u00e9, \u017ee o v\u00edkendu je v\u017edy v\u0161ude plno lid\u00ed a to m\u016f\u017ee n\u011bkter\u00fdm vadit.Je tak\u00e9 pot\u0159eba rozli\u0161ovat, jestli se jedn\u00e1 o t\u00fddenn\u00ed dovolenou, v\u00edkendovou dovolenou apod. Pokud si skute\u010dn\u011b chcete odpo\u010dinout a to i od lid\u00ed, nejlep\u0161\u00ed by bylo jet p\u0159es t\u00fdden, proto\u017ee v\u011b\u0159te, \u017ee lid\u00ed bude p\u0159es t\u00fdden n\u011bkde opravdu minimum a to proto, \u017ee lid\u00e9 chod\u00ed do pr\u00e1ce a d\u011bti do \u0161koly.Je ur\u010dit\u011b tak\u00e9 pot\u0159eba si vybrat, kam pojedete, proto\u017ee se nab\u00edz\u00ed spousta velice p\u011bkn\u00fdch m\u00edst, kde se d\u00e1 zajet i p\u0159es t\u00fdden a \u010dlov\u011bk se nemus\u00ed b\u00e1t, \u017ee zde bude mnoho lid\u00ed. Pokud byste ale jeli o v\u00edkendu, je mo\u017en\u00e9, \u017ee byste se museli sm\u00ed\u0159it s t\u00edm, \u017ee n\u011bco takov\u00e9ho nebude jen pro v\u00e1s, ale budou i jin\u00ed lid\u00e9, kte\u0159\u00ed budou cht\u00edt vid\u011bt a tak\u00e9 v\u011bd\u011bt, co je na dan\u00e9m m\u00edst\u011b tak p\u011bkn\u00e9ho, \u017ee zde v\u0161ichni jezd\u00ed, aby se pod\u00edvali.Rozhodn\u011b je to tak, \u017ee pokud u\u017e jste v d\u016fchodu a opravdu nem\u00e1te na pr\u00e1ci nic jin\u00e9ho, ne\u017e sed\u011bt doma u televize, m\u011bli byste se n\u011bkam vypravit, abyste poznali n\u011bco, co jste je\u0161t\u011b nepoznali, proto\u017ee uvid\u00edte, \u017ee to rozhodn\u011b bude st\u00e1t za to.\u00a0Ka\u017ed\u00fd \u010dlov\u011bk by se zejm\u00e9na v d\u016fchodov\u00e9m v\u011bku nem\u011bl b\u00e1t si zajet n\u011bkam na dovolenou a to u\u017e jen proto, \u017ee si to dan\u00fd \u010dlov\u011bk zaslou\u017e\u00ed. Nejlep\u0161\u00ed je na tom v\u0161em to, \u017ee dan\u00fd \u010dlov\u011bk u\u017e m\u00e1 v d\u016fchodu i naspo\u0159eno, tak\u017ee nebude probl\u00e9m, aby za dovolenou zaplatil.\u00a0Ani vy nemus\u00edte v d\u016fchodu sed\u011bt doma. Uvid\u00edte, \u017ee je mnoho p\u011bkn\u00fdch m\u00edst, kam se m\u016f\u017eete pod\u00edvat a kde se \u010dlov\u011bk ani p\u0159\u00edli\u0161 neunav\u00ed, tak\u017ee z n\u011b\u010deho takov\u00e9ho nemus\u00edte m\u00edt strach.                                                                                                                                                                                                                                                                                                                                                                                        4.1\/5 - (11 votes)        "},{"@context":"https:\/\/schema.org\/","@type":"BreadcrumbList","itemListElement":[{"@type":"ListItem","position":1,"name":"Na dovolenou se sna\u017e\u00ed jezdit zejm\u00e9na star\u0161\u00ed lid\u00e9","item":"https:\/\/www.mons.cz\/na-dovolenou-se-snazi-jezdit-zejmena-starsi-lide\/#breadcrumbitem"}]}]