[{"@context":"https:\/\/schema.org\/","@type":"Article","@id":"https:\/\/www.mons.cz\/raj-v-reckem-pekle\/#Article","mainEntityOfPage":"https:\/\/www.mons.cz\/raj-v-reckem-pekle\/","headline":"R\u00e1j v \u0159eck\u00e9m pekle","name":"R\u00e1j v \u0159eck\u00e9m pekle","description":"Snad ka\u017ed\u00fd, kdo n\u011bkdy listoval v nab\u00eddk\u00e1ch cestovn\u00edch kancel\u00e1\u0159\u00ed \u010di cestovatelsk\u00fdch magaz\u00ednech, musel narazit na jedno z nejfotografovan\u011bj\u0161\u00edch m\u00edst na sv\u011bt\u011b. Sn\u011bhob\u00edl\u00e9 dome\u010dky s modr\u00fdmi kopulemi vtesan\u00e9 do skaln\u00edho masivu jako jeden kompaktn\u00ed celek, usm\u011bvav\u00ed domorodci sna\u017e\u00edc\u00ed se prodat pemzu, kterou r\u00e1no nasb\u00edrali p\u0159i sv\u00fdch toulk\u00e1ch, p\u0159ekr\u00e1sn\u00e9 v\u00fdchody i z\u00e1pady slune\u010dn\u00edho kotou\u010de. To je vesni\u010dka [&hellip;]","datePublished":"2019-12-05","dateModified":"2023-05-07","author":{"@type":"Person","@id":"https:\/\/www.mons.cz\/author\/#Person","name":"","url":"https:\/\/www.mons.cz\/author\/","identifier":1,"image":{"@type":"ImageObject","@id":"https:\/\/secure.gravatar.com\/avatar\/7c144e1de0ecc43e7a8353c804f0c7ea63c9554336576e7048c4bdeaa59bbbbb?s=96&d=mm&r=g","url":"https:\/\/secure.gravatar.com\/avatar\/7c144e1de0ecc43e7a8353c804f0c7ea63c9554336576e7048c4bdeaa59bbbbb?s=96&d=mm&r=g","height":96,"width":96}},"publisher":{"@type":"Organization","name":"mons.cz","logo":{"@type":"ImageObject","@id":"\/logo.png","url":"\/logo.png","width":600,"height":60}},"image":{"@type":"ImageObject","@id":"https:\/\/www.mons.cz\/wp-content\/uploads\/img_a362729_w4315_t1575749017.jpg","url":"https:\/\/www.mons.cz\/wp-content\/uploads\/img_a362729_w4315_t1575749017.jpg","height":0,"width":0},"url":"https:\/\/www.mons.cz\/raj-v-reckem-pekle\/","about":["Dovolen\u00e1"],"wordCount":432,"articleBody":"Snad ka\u017ed\u00fd, kdo n\u011bkdy listoval v nab\u00eddk\u00e1ch cestovn\u00edch kancel\u00e1\u0159\u00ed \u010di cestovatelsk\u00fdch magaz\u00ednech, musel narazit na jedno z nejfotografovan\u011bj\u0161\u00edch m\u00edst na sv\u011bt\u011b. Sn\u011bhob\u00edl\u00e9 dome\u010dky s modr\u00fdmi kopulemi vtesan\u00e9 do skaln\u00edho masivu jako jeden kompaktn\u00ed celek, usm\u011bvav\u00ed domorodci sna\u017e\u00edc\u00ed se prodat pemzu, kterou r\u00e1no nasb\u00edrali p\u0159i sv\u00fdch toulk\u00e1ch, p\u0159ekr\u00e1sn\u00e9 v\u00fdchody i z\u00e1pady slune\u010dn\u00edho kotou\u010de. To je vesni\u010dka Oia na \u0159eck\u00e9m ostrov\u011b Th\u00e9ra, nebo chcete-li Santorini.&#13; &#13; Panensk\u00fd klid i no\u010dn\u00ed \u017eivot&#13; Nenajdete zde elektrick\u00e9 \u010di telefonn\u00ed dr\u00e1ty hyzd\u00edc\u00ed v\u00fdhled (co\u017e je v jin\u00fdch \u010d\u00e1stech \u0158ecka \u010dast\u00fd jev), nepozn\u00e1te stres \u010di hysterick\u00fd shon, nejezd\u00ed zde auta, autobusy, ani cyklist\u00e9. Turist\u00e9 z v\u011bt\u0161\u00edch m\u011bst si \u017eivot v tomto m\u011bste\u010dku, jakoby odtr\u017een\u00e9m od reality, nedok\u00e1\u017e\u00ed p\u0159edstavit. A p\u0159eci (nebo pr\u00e1v\u011b proto) je nejnav\u0161t\u011bvovan\u011bj\u0161\u00edm m\u00edstem na zemi.&#13; Spole\u010dn\u011b s m\u011bste\u010dkem Fira pat\u0159\u00ed k hlavn\u00edm l\u00e1kadl\u016fm tohoto ostrova, kter\u00fd vznikl po zk\u00e1zonosn\u00e9m v\u00fdbuchu sopky v roce 1640 p\u0159ed na\u0161\u00edm letopo\u010dtem. Erupce byla tehdy tak mohutn\u00e1, \u017ee zni\u010dila zna\u010dnou \u010d\u00e1st ostrova Kr\u00e9ta a byla p\u0159\u00ed\u010dinou konce minojsk\u00e9 civilizace.&#13; &#13; Dnes se z p\u016fvodn\u00edho sope\u010dn\u00e9ho kr\u00e1teru zachovaly jen obvodov\u00e9 \u010d\u00e1sti a t\u00e9m\u011b\u0159 \u010dty\u0159i sta metr\u016f hlubok\u00e1 a sedmn\u00e1ct kilometr\u016f dlouh\u00e1 kaldera. Ta je c\u00edlem v\u00fdlet\u016f turist\u016f, kte\u0159\u00ed cht\u011bj\u00ed za\u017e\u00edt pocit b\u00fdt \u201euvnit\u0159\u201c sopky v m\u00edst\u011b, kde je i po tolika letech teplota oh\u0159\u00e1t\u00e9ho vzduchu kolem pades\u00e1ti stup\u0148\u016f.&#13; Koho nebav\u00ed toulky po sope\u010dn\u00e9m poho\u0159\u00ed, m\u016f\u017ee vyu\u017e\u00edt cel\u00e9 \u0159ady pl\u00e1\u017e\u00ed s unik\u00e1tn\u00edm sope\u010dn\u00fdm p\u00edskem, nab\u00edzej\u00edc\u00ed pozvoln\u00fd sestup do vody i z\u00e1bavn\u00e9 \u0161norchlov\u00e1ni. Pokud m\u011bste\u010dka Oia a Th\u00e9ra nab\u00edzej\u00ed romantick\u00fd klid, tak druh\u00e1 strana ostrova \u017eije nekone\u010dn\u00fdm no\u010dn\u00edm \u017eivotem. Des\u00edtky diskot\u00e9k a no\u010dn\u00edch tane\u010dn\u00edch i jazzov\u00fdch klub\u016f, baz\u00e9nov\u00e9 party i p\u011bnov\u00e1 show uspokoj\u00ed v\u0161echny, kdo se tou\u017e\u00ed bavit a\u017e do sv\u00edt\u00e1n\u00ed.&#13; Pobyt na Santorini si m\u016f\u017eete zpest\u0159it celou \u0159adou fakultativn\u00edch v\u00fdlet\u016f v\u010detn\u011b lodn\u00ed cesty na Kr\u00e9tu. Pot\u00e1p\u011bn\u00ed, j\u00edzda na \u010dlunech \u010di z\u00e1v\u011bsn\u00e9m pad\u00e1ku a \u0159ada dal\u0161\u00edch atrakc\u00ed je zde samoz\u0159ejmost\u00ed.&#13; &#13;                                                                                                                                                                                                                                                                                                                                                                                         4.6\/5 - (9 votes)        "},{"@context":"https:\/\/schema.org\/","@type":"BreadcrumbList","itemListElement":[{"@type":"ListItem","position":1,"name":"R\u00e1j v \u0159eck\u00e9m pekle","item":"https:\/\/www.mons.cz\/raj-v-reckem-pekle\/#breadcrumbitem"}]}]