[{"@context":"https:\/\/schema.org\/","@type":"Article","@id":"https:\/\/www.mons.cz\/zahradkaruv-zimni-raj\/#Article","mainEntityOfPage":"https:\/\/www.mons.cz\/zahradkaruv-zimni-raj\/","headline":"Zahr\u00e1dk\u00e1\u0159\u016fv zimn\u00ed r\u00e1j","name":"Zahr\u00e1dk\u00e1\u0159\u016fv zimn\u00ed r\u00e1j","description":"Zahrada pod sklem Chcete zast\u0159e\u0161it baz\u00e9n? Chcete m\u00edt klidn\u00e9 m\u00edsto pro relaxaci? Nechte si namontovat n\u011bkterou z variant zimn\u00ed zahrady. Za p\u0159\u00edjemnou cenu z\u00edsk\u00e1te obytnou plochu s denn\u00edm sv\u011btlem a m\u00edsto pro skv\u011blou relaxaci s va\u0161imi bl\u00edzk\u00fdmi. Zimn\u00ed \u00fato\u010di\u0161t\u011b Provedeme odbornou instalaci zahrady, na p\u0159\u00e1n\u00ed nainstalujeme i st\u00edn\u00edc\u00ed mechanismus a nebo automatick\u00e9 ovl\u00e1d\u00e1n\u00ed osv\u011btlen\u00ed, ovl\u00e1d\u00e1n\u00ed [&hellip;]","datePublished":"2024-11-15","dateModified":"2024-11-15","author":{"@type":"Person","@id":"https:\/\/www.mons.cz\/author\/#Person","name":"","url":"https:\/\/www.mons.cz\/author\/","identifier":1,"image":{"@type":"ImageObject","@id":"https:\/\/secure.gravatar.com\/avatar\/7c144e1de0ecc43e7a8353c804f0c7ea63c9554336576e7048c4bdeaa59bbbbb?s=96&d=mm&r=g","url":"https:\/\/secure.gravatar.com\/avatar\/7c144e1de0ecc43e7a8353c804f0c7ea63c9554336576e7048c4bdeaa59bbbbb?s=96&d=mm&r=g","height":96,"width":96}},"publisher":{"@type":"Organization","name":"mons.cz","logo":{"@type":"ImageObject","@id":"\/logo.png","url":"\/logo.png","width":600,"height":60}},"url":"https:\/\/www.mons.cz\/zahradkaruv-zimni-raj\/","wordCount":198,"articleBody":"\tZahrada pod sklemChcete zast\u0159e\u0161it baz\u00e9n? Chcete m\u00edt klidn\u00e9 m\u00edsto pro relaxaci? Nechte si namontovat n\u011bkterou z variant zimn\u00ed zahrady. Za p\u0159\u00edjemnou cenu z\u00edsk\u00e1te obytnou plochu s denn\u00edm sv\u011btlem a m\u00edsto pro skv\u011blou relaxaci s va\u0161imi bl\u00edzk\u00fdmi.\tZimn\u00ed \u00fato\u010di\u0161t\u011bProvedeme odbornou instalaci zahrady, na p\u0159\u00e1n\u00ed nainstalujeme i st\u00edn\u00edc\u00ed mechanismus a nebo automatick\u00e9 ovl\u00e1d\u00e1n\u00ed osv\u011btlen\u00ed, ovl\u00e1d\u00e1n\u00ed oken a klimatizace. Zimn\u00ed zahrady od n\u00e1s jsou vyrobeny kvalitn\u011b, jak si m\u016f\u017eete prohl\u00e9dnout na na\u0161em webu. Ud\u011blejte si ve sv\u00e9m dom\u011b luxusn\u00ed o\u00e1zu klidu, jakou jste si v\u017edycky p\u0159\u00e1li.\tZeptejte se na cokolivV\u0161echny va\u0161e ot\u00e1zky v\u00e1m r\u00e1di zodpov\u00edme. V\u017edy d\u011bl\u00e1me v\u0161e pro maxim\u00e1ln\u00ed spokojenost na\u0161ich klient\u016f.Zimn\u00ed zahrady jsou v posledn\u00ed dob\u011b vyhled\u00e1van\u00fdm \u0159e\u0161en\u00edm nedostatku m\u00edsta u domu. Lid\u00e9 si cht\u011bj\u00ed dop\u0159\u00e1t v\u011bt\u0161\u00ed obytn\u00fd prostor, kde by si mohli odpo\u010dinout a nebo si zasportovat, proto\u017ee zast\u0159e\u0161it lze i baz\u00e9n.                                                                                                                                                                                                                                                                                                                                                                                        4\/5 - (3 votes)        "},{"@context":"https:\/\/schema.org\/","@type":"BreadcrumbList","itemListElement":[{"@type":"ListItem","position":1,"name":"Zahr\u00e1dk\u00e1\u0159\u016fv zimn\u00ed r\u00e1j","item":"https:\/\/www.mons.cz\/zahradkaruv-zimni-raj\/#breadcrumbitem"}]}]